{"id":65,"date":"2022-02-16T15:15:40","date_gmt":"2022-02-16T14:15:40","guid":{"rendered":"https:\/\/abwv.org\/?p=65"},"modified":"2022-02-16T15:18:16","modified_gmt":"2022-02-16T14:18:16","slug":"gisela-zeigt-haltung","status":"publish","type":"post","link":"https:\/\/abwv.org\/?p=65","title":{"rendered":"Gisela zeigt Haltung"},"content":{"rendered":"\n<p>Am 14.02.22 hat die \u201eGreizer Initiative: Sofortige Entspazifizierung l\u00e4ndlicher Areale\u201c (G.I.S.E.L.A.) in Greiz mit einer Kundgebung ein Zeichen f\u00fcr solidarisches Verhalten gesetzt und sich klar gegen die, von Teilen der sogenannten Spazierg\u00e4nger:innen verbreiteten, antisemitischen Verschw\u00f6rungsmythen und antidemokratischen Einstellungen positioniert. <\/p>\n\n\n\n<p>Schon wenige Teilnehmende reichten aus, um die, diesmal deutlich dezimierten \u201eSpazierg\u00e4nger:innen\u201c in aggressive Stimmung zu versetzen. Die Folge waren w\u00fctende, allerdings gr\u00f6\u00dftenteils unverst\u00e4ndliche Ausrufe des Mobs in Richtung unserer Kundgebung. Alles in allem wirkte der Aufzug, der reflexhaft st\u00e4ndig \u00fcber fehlende Meinungsfreiheit klagt und sich als friedlich bezeichnet, im Anblick von Menschen anderer Meinung, alles andere als friedlich. Man f\u00fchlte sich wahrnehmbar gest\u00f6rt von unserer Kundgebung. Meinungsfreiheit gilt wohl nur, wenn es um die eigenen, verqueren Ansichten geht. <\/p>\n\n\n\n<p>F\u00fcr Gisela gibt es daher nur einen Schluss: Sie kommt wieder und zeigt weiterhin klare Kante gegen rechte Einstellungen und Verschw\u00f6rungsideologien auf der Stra\u00dfe. Stay tuned!<\/p>\n\n\n\n<p><\/p>\n\n\n\n<figure class=\"wp-block-image size-large\"><img loading=\"lazy\" decoding=\"async\" width=\"1024\" height=\"470\" src=\"https:\/\/abwv.org\/wp-content\/uploads\/2022\/02\/20220214_gisela_2-1024x470.jpg\" alt=\"\" class=\"wp-image-67\" srcset=\"https:\/\/abwv.org\/wp-content\/uploads\/2022\/02\/20220214_gisela_2-1024x470.jpg 1024w, https:\/\/abwv.org\/wp-content\/uploads\/2022\/02\/20220214_gisela_2-300x138.jpg 300w, https:\/\/abwv.org\/wp-content\/uploads\/2022\/02\/20220214_gisela_2-768x353.jpg 768w, https:\/\/abwv.org\/wp-content\/uploads\/2022\/02\/20220214_gisela_2-1536x705.jpg 1536w, https:\/\/abwv.org\/wp-content\/uploads\/2022\/02\/20220214_gisela_2.jpg 2000w\" sizes=\"auto, (max-width: 1024px) 100vw, 1024px\" \/><figcaption>Unsere Alternative bleibt Solidarit\u00e4t.<\/figcaption><\/figure>\n\n\n\n<figure class=\"wp-block-image size-large\"><img loading=\"lazy\" decoding=\"async\" width=\"1024\" height=\"536\" src=\"https:\/\/abwv.org\/wp-content\/uploads\/2022\/02\/20220214_gisela_3-1024x536.jpg\" alt=\"\" class=\"wp-image-68\" srcset=\"https:\/\/abwv.org\/wp-content\/uploads\/2022\/02\/20220214_gisela_3-1024x536.jpg 1024w, https:\/\/abwv.org\/wp-content\/uploads\/2022\/02\/20220214_gisela_3-300x157.jpg 300w, https:\/\/abwv.org\/wp-content\/uploads\/2022\/02\/20220214_gisela_3-768x402.jpg 768w, https:\/\/abwv.org\/wp-content\/uploads\/2022\/02\/20220214_gisela_3-1536x803.jpg 1536w, https:\/\/abwv.org\/wp-content\/uploads\/2022\/02\/20220214_gisela_3.jpg 2000w\" sizes=\"auto, (max-width: 1024px) 100vw, 1024px\" \/><figcaption>Die verschw\u00f6rungsideologische Verammlung ist nach teils \u00fcber 1.000 Teilnehmern im Dezember 2021 auf einen harten Kern von ca. 300 Menschen gechrumpft.<\/figcaption><\/figure>\n\n\n\n<p><\/p>\n","protected":false},"excerpt":{"rendered":"<p>Am 14.02.22 hat die \u201eGreizer Initiative: Sofortige Entspazifizierung l\u00e4ndlicher Areale\u201c (G.I.S.E.L.A.) in Greiz mit einer Kundgebung ein Zeichen f\u00fcr solidarisches Verhalten gesetzt und sich klar gegen die, von Teilen der sogenannten Spazierg\u00e4nger:innen verbreiteten, antisemitischen Verschw\u00f6rungsmythen und antidemokratischen Einstellungen positioniert. <\/p>\n<div class=\"more-link-wrapper\"><a class=\"more-link\" href=\"https:\/\/abwv.org\/?p=65\">Hier weiterlesen<span class=\"screen-reader-text\">Gisela zeigt Haltung<\/span><\/a><\/div>\n","protected":false},"author":1,"featured_media":66,"comment_status":"open","ping_status":"open","sticky":false,"template":"","format":"standard","meta":{"footnotes":""},"categories":[1],"tags":[11,29,3,25,6,5,7,4],"class_list":["post-65","post","type-post","status-publish","format-standard","has-post-thumbnail","hentry","category-allgemein","tag-antisemitismus","tag-gisela","tag-greiz","tag-kundgebung","tag-noafd","tag-nonazis","tag-solidaritaet","tag-spaziergang","entry"],"_links":{"self":[{"href":"https:\/\/abwv.org\/index.php?rest_route=\/wp\/v2\/posts\/65","targetHints":{"allow":["GET"]}}],"collection":[{"href":"https:\/\/abwv.org\/index.php?rest_route=\/wp\/v2\/posts"}],"about":[{"href":"https:\/\/abwv.org\/index.php?rest_route=\/wp\/v2\/types\/post"}],"author":[{"embeddable":true,"href":"https:\/\/abwv.org\/index.php?rest_route=\/wp\/v2\/users\/1"}],"replies":[{"embeddable":true,"href":"https:\/\/abwv.org\/index.php?rest_route=%2Fwp%2Fv2%2Fcomments&post=65"}],"version-history":[{"count":2,"href":"https:\/\/abwv.org\/index.php?rest_route=\/wp\/v2\/posts\/65\/revisions"}],"predecessor-version":[{"id":71,"href":"https:\/\/abwv.org\/index.php?rest_route=\/wp\/v2\/posts\/65\/revisions\/71"}],"wp:featuredmedia":[{"embeddable":true,"href":"https:\/\/abwv.org\/index.php?rest_route=\/wp\/v2\/media\/66"}],"wp:attachment":[{"href":"https:\/\/abwv.org\/index.php?rest_route=%2Fwp%2Fv2%2Fmedia&parent=65"}],"wp:term":[{"taxonomy":"category","embeddable":true,"href":"https:\/\/abwv.org\/index.php?rest_route=%2Fwp%2Fv2%2Fcategories&post=65"},{"taxonomy":"post_tag","embeddable":true,"href":"https:\/\/abwv.org\/index.php?rest_route=%2Fwp%2Fv2%2Ftags&post=65"}],"curies":[{"name":"wp","href":"https:\/\/api.w.org\/{rel}","templated":true}]}}