{"id":287,"date":"2024-01-15T14:58:55","date_gmt":"2024-01-15T13:58:55","guid":{"rendered":"https:\/\/abwv.org\/?p=287"},"modified":"2024-01-26T18:31:40","modified_gmt":"2024-01-26T17:31:40","slug":"18-12-23-im-rechten-wahn-montags-in-thueringen","status":"publish","type":"post","link":"https:\/\/abwv.org\/?p=287","title":{"rendered":"29.01.24 &#8211; Im rechten Wahn: Montags in Th\u00fcringen"},"content":{"rendered":"\n<p><\/p>\n\n\n\n<p>2020 breiteten sich zuerst Corona-Viren und direkt danach Verschw\u00f6rungsmythen unterschiedlichster Art rasant im Land aus. Bereits im Fr\u00fchjahr 2020 gab es erste Demos oder sogenannte Spazierg\u00e4nge organisiert durch lokale Gruppen und Einzelpersonen, die sich gegen die Corona-Ma\u00dfnahmen richteten.<\/p>\n\n\n\n<p>Diese Gruppen in Th\u00fcringen wurden unter einem gemeinsamen, rechtsextremen Dach vereinigt. Im November 2021 gr\u00fcndete sich das gruppen\u00fcbergreifende B\u00fcndnis \u201eFreies Th\u00fcringen\u201c. Das B\u00fcndnis dominiert das Protestgeschehen in Th\u00fcringen und hat Schwerpunkte in Gera und Zeulenroda, bestimmt aber auch in der Fl\u00e4che in Ostth\u00fcringen wie in Greiz, Bad Lobenstein, Triptis oder Schleiz. Die Demos besetzen inzwischen auch andere Themen wie den Krieg in der Ukraine und Migration von Rechts. \u00dcber Freies Th\u00fcringen ist noch recht wenig bekannt, obwohl das B\u00fcndnis gut strukturiert und bestens vernetzt ist, sowohl mit der AfD, also auch mit Reichsb\u00fcrgern und knallharten Neonazis. Medial stehen sie oft im Schatten anderer Organisationen wie den Freien Sachsen oder Compact, obwohl die gr\u00f6\u00dften Demos durch Freies Th\u00fcringen organisiert wurden. Deshalb dieser Vortrag, um die eigene Region Ostth\u00fcringen und die hiesigen Strukturen hinter den sogenannten Montagsspazierg\u00e4ngen n\u00e4her zu beleuchten.<\/p>\n\n\n\n<p>29.01.2024 \/\/ 18 Uhr \/\/ Siebenhitze Greiz<\/p>\n\n\n\n<p><em>PS: Personen, die der rechten oder verschw\u00f6rungsideologischen Szene zuzuordnen sind oder mit rassistischen, antisemitischen oder anderweitig menschenverachtenden \u00c4u\u00dferungen aufgefallen sind, haben keinen Zutritt. Wir machen vom Hausrecht Gebrauch.<\/em><\/p>\n\n\n\n<p><\/p>\n\n\n\n<div class=\"wp-block-cover\"><span aria-hidden=\"true\" class=\"wp-block-cover__background has-background-dim\"><\/span><img loading=\"lazy\" decoding=\"async\" width=\"2480\" height=\"2480\" class=\"wp-block-cover__image-background wp-image-312\" alt=\"\" src=\"https:\/\/abwv.org\/wp-content\/uploads\/2023\/12\/2024-share.jpg\" data-object-fit=\"cover\" srcset=\"https:\/\/abwv.org\/wp-content\/uploads\/2023\/12\/2024-share.jpg 2480w, https:\/\/abwv.org\/wp-content\/uploads\/2023\/12\/2024-share-300x300.jpg 300w, https:\/\/abwv.org\/wp-content\/uploads\/2023\/12\/2024-share-1024x1024.jpg 1024w, https:\/\/abwv.org\/wp-content\/uploads\/2023\/12\/2024-share-150x150.jpg 150w, https:\/\/abwv.org\/wp-content\/uploads\/2023\/12\/2024-share-768x768.jpg 768w, https:\/\/abwv.org\/wp-content\/uploads\/2023\/12\/2024-share-1536x1536.jpg 1536w, https:\/\/abwv.org\/wp-content\/uploads\/2023\/12\/2024-share-2048x2048.jpg 2048w\" sizes=\"auto, (max-width: 2480px) 100vw, 2480px\" \/><div class=\"wp-block-cover__inner-container is-layout-flow wp-block-cover-is-layout-flow\">\n<p class=\"has-text-align-center has-large-font-size\"><\/p>\n<\/div><\/div>\n","protected":false},"excerpt":{"rendered":"<p>2020 breiteten sich zuerst Corona-Viren und direkt danach Verschw\u00f6rungsmythen unterschiedlichster Art rasant im Land aus. Bereits im Fr\u00fchjahr 2020 gab es erste Demos oder sogenannte Spazierg\u00e4nge organisiert durch lokale Gruppen und Einzelpersonen, die sich gegen die Corona-Ma\u00dfnahmen richteten.<\/p>\n<p>\u00dcber Freies Th\u00fcringen ist noch recht wenig bekannt, obwohl das B\u00fcndnis gut strukturiert und bestens vernetzt ist. Medial stehen sie oft im Schatten anderer Organisationen wie den Freien Sachsen oder Compact, obwohl die gr\u00f6\u00dften Demos durch Freies Th\u00fcringen organisiert wurden. Deshalb dieser Vortrag, um die eigene Region Ostth\u00fcringen und die hiesigen Strukturen hinter den sogenannten Montagsspazierg\u00e4ngen n\u00e4her zu beleuchten.<\/p>\n<div class=\"more-link-wrapper\"><a class=\"more-link\" href=\"https:\/\/abwv.org\/?p=287\">Hier weiterlesen<span class=\"screen-reader-text\">29.01.24 &#8211; Im rechten Wahn: Montags in Th\u00fcringen<\/span><\/a><\/div>\n","protected":false},"author":1,"featured_media":312,"comment_status":"open","ping_status":"open","sticky":false,"template":"","format":"standard","meta":{"footnotes":""},"categories":[1],"tags":[49,3,6,5,2,48],"class_list":["post-287","post","type-post","status-publish","format-standard","has-post-thumbnail","hentry","category-allgemein","tag-diskussion","tag-greiz","tag-noafd","tag-nonazis","tag-verschwoerungsideologie","tag-vortrag","entry"],"_links":{"self":[{"href":"https:\/\/abwv.org\/index.php?rest_route=\/wp\/v2\/posts\/287","targetHints":{"allow":["GET"]}}],"collection":[{"href":"https:\/\/abwv.org\/index.php?rest_route=\/wp\/v2\/posts"}],"about":[{"href":"https:\/\/abwv.org\/index.php?rest_route=\/wp\/v2\/types\/post"}],"author":[{"embeddable":true,"href":"https:\/\/abwv.org\/index.php?rest_route=\/wp\/v2\/users\/1"}],"replies":[{"embeddable":true,"href":"https:\/\/abwv.org\/index.php?rest_route=%2Fwp%2Fv2%2Fcomments&post=287"}],"version-history":[{"count":9,"href":"https:\/\/abwv.org\/index.php?rest_route=\/wp\/v2\/posts\/287\/revisions"}],"predecessor-version":[{"id":317,"href":"https:\/\/abwv.org\/index.php?rest_route=\/wp\/v2\/posts\/287\/revisions\/317"}],"wp:featuredmedia":[{"embeddable":true,"href":"https:\/\/abwv.org\/index.php?rest_route=\/wp\/v2\/media\/312"}],"wp:attachment":[{"href":"https:\/\/abwv.org\/index.php?rest_route=%2Fwp%2Fv2%2Fmedia&parent=287"}],"wp:term":[{"taxonomy":"category","embeddable":true,"href":"https:\/\/abwv.org\/index.php?rest_route=%2Fwp%2Fv2%2Fcategories&post=287"},{"taxonomy":"post_tag","embeddable":true,"href":"https:\/\/abwv.org\/index.php?rest_route=%2Fwp%2Fv2%2Ftags&post=287"}],"curies":[{"name":"wp","href":"https:\/\/api.w.org\/{rel}","templated":true}]}}